{"id":3509,"date":"2023-08-04T07:08:29","date_gmt":"2023-08-04T06:08:29","guid":{"rendered":"http:\/\/wikinight.fr\/?p=3509"},"modified":"2023-08-11T20:16:55","modified_gmt":"2023-08-11T19:16:55","slug":"informal-compilation-of-large-and-medium-sized-french-towns-applying-switch-off-of-their-public-lighting","status":"publish","type":"post","link":"https:\/\/wikinight.fr\/index.php\/2023\/08\/04\/informal-compilation-of-large-and-medium-sized-french-towns-applying-switch-off-of-their-public-lighting\/","title":{"rendered":"Informal listing of large and medium-sized French towns applying switch-off of their public lighting"},"content":{"rendered":"<div id=\"ez-toc-container\" class=\"ez-toc-v2_0_82_2 counter-hierarchy ez-toc-counter ez-toc-custom ez-toc-container-direction\">\n<div class=\"ez-toc-title-container\">\n<p class=\"ez-toc-title\" style=\"cursor:inherit\">Sommaire<\/p>\n<span class=\"ez-toc-title-toggle\"><a href=\"#\" class=\"ez-toc-pull-right ez-toc-btn ez-toc-btn-xs ez-toc-btn-default ez-toc-toggle\" aria-label=\"Toggle Table of Content\"><span class=\"ez-toc-js-icon-con\"><span class=\"\"><span class=\"eztoc-hide\" style=\"display:none;\">Toggle<\/span><span class=\"ez-toc-icon-toggle-span\"><svg style=\"fill: #212121;color:#212121\" xmlns=\"http:\/\/www.w3.org\/2000\/svg\" class=\"list-377408\" width=\"20px\" height=\"20px\" viewBox=\"0 0 24 24\" fill=\"none\"><path d=\"M6 6H4v2h2V6zm14 0H8v2h12V6zM4 11h2v2H4v-2zm16 0H8v2h12v-2zM4 16h2v2H4v-2zm16 0H8v2h12v-2z\" fill=\"currentColor\"><\/path><\/svg><svg style=\"fill: #212121;color:#212121\" class=\"arrow-unsorted-368013\" xmlns=\"http:\/\/www.w3.org\/2000\/svg\" width=\"10px\" height=\"10px\" viewBox=\"0 0 24 24\" version=\"1.2\" baseProfile=\"tiny\"><path d=\"M18.2 9.3l-6.2-6.3-6.2 6.3c-.2.2-.3.4-.3.7s.1.5.3.7c.2.2.4.3.7.3h11c.3 0 .5-.1.7-.3.2-.2.3-.5.3-.7s-.1-.5-.3-.7zM5.8 14.7l6.2 6.3 6.2-6.3c.2-.2.3-.5.3-.7s-.1-.5-.3-.7c-.2-.2-.4-.3-.7-.3h-11c-.3 0-.5.1-.7.3-.2.2-.3.5-.3.7s.1.5.3.7z\"\/><\/svg><\/span><\/span><\/span><\/a><\/span><\/div>\n<nav><ul class='ez-toc-list ez-toc-list-level-1 ' ><li class='ez-toc-page-1 ez-toc-heading-level-4'><a class=\"ez-toc-link ez-toc-heading-1\" href=\"https:\/\/wikinight.fr\/index.php\/2023\/08\/04\/informal-compilation-of-large-and-medium-sized-french-towns-applying-switch-off-of-their-public-lighting\/#This_2021_message_from_the_ADEME_French_Agency\" >This 2021 message from the ADEME French Agency:<\/a><\/li><li class='ez-toc-page-1 ez-toc-heading-level-4'><a class=\"ez-toc-link ez-toc-heading-2\" href=\"https:\/\/wikinight.fr\/index.php\/2023\/08\/04\/informal-compilation-of-large-and-medium-sized-french-towns-applying-switch-off-of-their-public-lighting\/#From_an_october_2022_press_article_from_online_news_Reporterre_website\" >From an october 2022 press article from online news Reporterre website:<\/a><\/li><li class='ez-toc-page-1 ez-toc-heading-level-4'><a class=\"ez-toc-link ez-toc-heading-3\" href=\"https:\/\/wikinight.fr\/index.php\/2023\/08\/04\/informal-compilation-of-large-and-medium-sized-french-towns-applying-switch-off-of-their-public-lighting\/#From_a_discussion_on_the_Webastro_forum\" >From a discussion on the Webastro forum:<\/a><\/li><li class='ez-toc-page-1 ez-toc-heading-level-4'><a class=\"ez-toc-link ez-toc-heading-4\" href=\"https:\/\/wikinight.fr\/index.php\/2023\/08\/04\/informal-compilation-of-large-and-medium-sized-french-towns-applying-switch-off-of-their-public-lighting\/#And_also\" >And also:<\/a><\/li><li class='ez-toc-page-1 ez-toc-heading-level-4'><a class=\"ez-toc-link ez-toc-heading-5\" href=\"https:\/\/wikinight.fr\/index.php\/2023\/08\/04\/informal-compilation-of-large-and-medium-sized-french-towns-applying-switch-off-of-their-public-lighting\/#Another_discussion_from_the_Webastro_forum\" >Another discussion from the Webastro forum:<\/a><\/li><li class='ez-toc-page-1 ez-toc-heading-level-4'><a class=\"ez-toc-link ez-toc-heading-6\" href=\"https:\/\/wikinight.fr\/index.php\/2023\/08\/04\/informal-compilation-of-large-and-medium-sized-french-towns-applying-switch-off-of-their-public-lighting\/#And_those_who_ended_the_experiment%E2%80%A6\" >And those who ended the experiment&#8230;:<\/a><\/li><\/ul><\/nav><\/div>\n\n<blockquote class=\"wp-block-quote is-style-large is-layout-flow wp-block-quote-is-layout-flow\">\n<p><strong><em>And the most significant lesson will be a lack of evidence of an increase in crimes and offences<\/em><\/strong><\/p>\n<cite>Wikinight<\/cite><\/blockquote>\n\n\n\n<p><\/p>\n\n\n<div class=\"wp-block-image\">\n<figure class=\"aligncenter size-large\"><a href=\"https:\/\/wikinight.fr\/wp-content\/uploads\/infog-eclairage-bordeaux-web.jpg\"><img loading=\"lazy\" decoding=\"async\" width=\"1000\" height=\"500\" src=\"https:\/\/wikinight.fr\/wp-content\/uploads\/infog-eclairage-bordeaux-web.jpg\" alt=\"\" class=\"wp-image-3544\" srcset=\"https:\/\/wikinight.fr\/wp-content\/uploads\/infog-eclairage-bordeaux-web.jpg 1000w, https:\/\/wikinight.fr\/wp-content\/uploads\/infog-eclairage-bordeaux-web-300x150.jpg 300w, https:\/\/wikinight.fr\/wp-content\/uploads\/infog-eclairage-bordeaux-web-768x384.jpg 768w\" sizes=\"auto, (max-width: 1000px) 100vw, 1000px\" \/><\/a><figcaption class=\"wp-element-caption\"><strong>Bordeaux: switch-off map<\/strong> <a href=\"https:\/\/www.sudouest.fr\/gironde\/bordeaux\/carte-extinction-de-l-eclairage-a-bordeaux-la-nuit-quelles-sont-les-rues-concernees-13510972.php\" target=\"_blank\" rel=\"noreferrer noopener\">\u00a9 Cr\u00e9dit photo : Infographie Sud Ouest<\/a><\/figcaption><\/figure>\n<\/div>\n\n\n<h4 class=\"wp-block-heading\"><span class=\"ez-toc-section\" id=\"This_2021_message_from_the_ADEME_French_Agency\"><\/span>This 2021 message from the <a rel=\"noreferrer noopener\" href=\"https:\/\/www.ademe.fr\/en\/frontpage\/\" target=\"_blank\">ADEME<\/a> French Agency:<span class=\"ez-toc-section-end\"><\/span><\/h4>\n\n\n\n<div class=\"wp-block-columns is-layout-flex wp-container-core-columns-is-layout-9d6595d7 wp-block-columns-is-layout-flex\">\n<div class=\"wp-block-column is-layout-flow wp-block-column-is-layout-flow\" style=\"flex-basis:66.66%\">\n<p><em>Nearly 40% of metropolitan municipalities swith-off their street lighting part of the night and 8% vary the intensity lighting. Small towns are more likely to switch-off completely public lighting in the middle of the night, while the large municipalities are content to decrease the intensity:<\/em><\/p>\n\n\n\n<p><em>\u2013 43% of municipalities under 2,000 residents turn off street lights compared to only 7% of municipalities over 50,000 inhabitants;<\/em><\/p>\n\n\n\n<p><em>\u2013 6% of small municipalities use dimming versus 19% for the cities. We can conclude that the latter are more<\/em> equipped with management systems.<\/p>\n<\/div>\n\n\n\n<div class=\"wp-block-column is-layout-flow wp-block-column-is-layout-flow\" style=\"flex-basis:33.33%\">\n<figure class=\"wp-block-image size-large\"><a href=\"https:\/\/librairie.ademe.fr\/urbanisme-et-batiment\/4983-renover-l-eclairage-exterieur-9791029716584.html\" target=\"_blank\" rel=\"noopener\"><img loading=\"lazy\" decoding=\"async\" width=\"800\" height=\"800\" src=\"https:\/\/wikinight.fr\/wp-content\/uploads\/renover-l-eclairage-exterieur.png\" alt=\"\" class=\"wp-image-3547\" srcset=\"https:\/\/wikinight.fr\/wp-content\/uploads\/renover-l-eclairage-exterieur.png 800w, https:\/\/wikinight.fr\/wp-content\/uploads\/renover-l-eclairage-exterieur-300x300.png 300w, https:\/\/wikinight.fr\/wp-content\/uploads\/renover-l-eclairage-exterieur-150x150.png 150w, https:\/\/wikinight.fr\/wp-content\/uploads\/renover-l-eclairage-exterieur-768x768.png 768w\" sizes=\"auto, (max-width: 800px) 100vw, 800px\" \/><\/a><figcaption class=\"wp-element-caption\">One of ADEME French agency publications<\/figcaption><\/figure>\n<\/div>\n<\/div>\n\n\n\n<div class=\"wp-block-columns is-layout-flex wp-container-core-columns-is-layout-9d6595d7 wp-block-columns-is-layout-flex\">\n<div class=\"wp-block-column is-layout-flow wp-block-column-is-layout-flow\" style=\"flex-basis:66.66%\">\n<h4 class=\"wp-block-heading\"><span class=\"ez-toc-section\" id=\"From_an_october_2022_press_article_from_online_news_Reporterre_website\"><\/span>From an october 2022 press article from online news <a rel=\"noreferrer noopener\" href=\"https:\/\/reporterre.net\/\" target=\"_blank\">Reporterre<\/a> website:<span class=\"ez-toc-section-end\"><\/span><\/h4>\n\n\n\n<p><em>In <a rel=\"noreferrer noopener\" href=\"https:\/\/www.ledauphine.com\/economie\/2022\/10\/13\/pour-economiser-chambery-va-couper-son-eclairage-la-nuit\" target=\"_blank\">Chamb\u00e9ry<\/a>,&nbsp;<a rel=\"noreferrer noopener\" href=\"https:\/\/www.lalsace.fr\/environnement\/2022\/10\/04\/bientot-la-nuit-noire-au-centre-ville-de-colmar\" target=\"_blank\">Colmar<\/a>,&nbsp;<a rel=\"noreferrer noopener\" href=\"https:\/\/www.herault-tribune.com\/articles\/agde-quelles-rues-maintiendront-leclairage-public-a-partir-de-ce-17-octobre-%EF%BF%BC\/\" target=\"_blank\">Agde<\/a> or <a rel=\"noreferrer noopener\" href=\"https:\/\/www.nevers.fr\/actualites\/extinction-de-leclairage-public\" target=\"_blank\">Nevers<\/a>, this weekend of mid-October is that of transition. As in many French municipalities, elected officials have chosen to switch-off public lighting at night. In certain districts of <a rel=\"noreferrer noopener\" href=\"https:\/\/www.lasemaine.fr\/eclairage-public-coupe-la-nuit-a-metz-quels-quartiers-sont-concernes\/\" target=\"_blank\">Metz<\/a>, the change occurs on October 12. In <a rel=\"noreferrer noopener\" href=\"https:\/\/www.ouest-france.fr\/normandie\/trouville-sur-mer-14360\/a-trouville-dans-toute-la-ville-l-eclairage-public-sera-coupe-la-nuit-pour-faire-des-economies-c6977a2e-4308-11ed-beb6-555db4e87ef8\" target=\"_blank\">Trouville-sur-Mer<\/a> it was the 9th and in <a rel=\"noreferrer noopener\" href=\"https:\/\/www.letelegramme.fr\/cotes-darmor\/saint-brieuc\/l-eclairage-public-s-eteint-desormais-a-22-h-dans-presque-tout-saint-brieuc-05-10-2022-13193691.php\" target=\"_blank\">Saint-Brieuc<\/a> the 5th. In the <a rel=\"noreferrer noopener\" href=\"https:\/\/france3-regions.francetvinfo.fr\/nouvelle-aquitaine\/vienne\/extinction-de-l-eclairage-public-a-22h-dans-240-communes-de-la-vienne-2628440.html\" target=\"_blank\">Vienne<\/a> department, 240 municipalities (out of the 260 in the department) also cut off the light on October 3rd. And the list is still long. Particularly because other cities had gone into extinction for longer, such as Saint-Nazaire since 2018 or more recently Strasbourg (since March).<\/em><\/p>\n<\/div>\n\n\n\n<div class=\"wp-block-column is-layout-flow wp-block-column-is-layout-flow\" style=\"flex-basis:33.33%\">\n<figure class=\"wp-block-image size-large\"><a href=\"https:\/\/reporterre.net\/Des-nuits-sans-lumiere-ces-villes-qui-coupent-l-eclairage-public\" target=\"_blank\" rel=\"noopener\"><img loading=\"lazy\" decoding=\"async\" width=\"1024\" height=\"640\" src=\"https:\/\/wikinight.fr\/wp-content\/uploads\/2023-06-01_064328-1024x640.jpg\" alt=\"\" class=\"wp-image-3549\" srcset=\"https:\/\/wikinight.fr\/wp-content\/uploads\/2023-06-01_064328-1024x640.jpg 1024w, https:\/\/wikinight.fr\/wp-content\/uploads\/2023-06-01_064328-300x188.jpg 300w, https:\/\/wikinight.fr\/wp-content\/uploads\/2023-06-01_064328-768x480.jpg 768w, https:\/\/wikinight.fr\/wp-content\/uploads\/2023-06-01_064328-1536x960.jpg 1536w, https:\/\/wikinight.fr\/wp-content\/uploads\/2023-06-01_064328.jpg 1920w\" sizes=\"auto, (max-width: 1024px) 100vw, 1024px\" \/><\/a><figcaption class=\"wp-element-caption\">One of Reporterre online news<\/figcaption><\/figure>\n<\/div>\n<\/div>\n\n\n\n<div class=\"wp-block-columns is-layout-flex wp-container-core-columns-is-layout-9d6595d7 wp-block-columns-is-layout-flex\">\n<div class=\"wp-block-column is-layout-flow wp-block-column-is-layout-flow\" style=\"flex-basis:66.66%\">\n<h4 class=\"wp-block-heading\"><span class=\"ez-toc-section\" id=\"From_a_discussion_on_the_Webastro_forum\"><\/span>From a <a href=\"https:\/\/www.webastro.net\/forums\/topic\/215207-vague-de-nouvelles-communes-qui-%C3%A9teignent-leur-%C3%A9clairage-en-2022\/\" target=\"_blank\" rel=\"noreferrer noopener\">discussion<\/a> on the <a rel=\"noreferrer noopener\" href=\"https:\/\/www.webastro.net\/forums\/\" target=\"_blank\">Webastro forum<\/a>:<span class=\"ez-toc-section-end\"><\/span><\/h4>\n\n\n\n<p>An informal compilation of towns practicing complete or partial switch-off, established between 07\/15\/2022 and 01\/06\/2023.<\/p>\n<\/div>\n\n\n\n<div class=\"wp-block-column is-layout-flow wp-block-column-is-layout-flow\" style=\"flex-basis:33.33%\">\n<figure class=\"wp-block-image size-large\"><a href=\"https:\/\/www.webastro.net\/forums\/topic\/215207-vague-de-nouvelles-communes-qui-%C3%A9teignent-leur-%C3%A9clairage-en-2022\/\"><img loading=\"lazy\" decoding=\"async\" width=\"1024\" height=\"640\" src=\"https:\/\/wikinight.fr\/wp-content\/uploads\/IMGP8019_Tas-1024x640.jpg\" alt=\"\" class=\"wp-image-3553\" srcset=\"https:\/\/wikinight.fr\/wp-content\/uploads\/IMGP8019_Tas-1024x640.jpg 1024w, https:\/\/wikinight.fr\/wp-content\/uploads\/IMGP8019_Tas-300x188.jpg 300w, https:\/\/wikinight.fr\/wp-content\/uploads\/IMGP8019_Tas-768x480.jpg 768w, https:\/\/wikinight.fr\/wp-content\/uploads\/IMGP8019_Tas-1536x960.jpg 1536w, https:\/\/wikinight.fr\/wp-content\/uploads\/IMGP8019_Tas.jpg 1920w\" sizes=\"auto, (max-width: 1024px) 100vw, 1024px\" \/><\/a><figcaption class=\"wp-element-caption\">The portal of the Webastro forum<\/figcaption><\/figure>\n<\/div>\n<\/div>\n\n\n\n<ul class=\"wp-block-list\">\n<li><strong>Belfort<\/strong>: <a href=\"https:\/\/france3-regions.francetvinfo.fr\/bourgogne-franche-comte\/doubs\/crise-energetique-extinction-de-l-eclairage-public-baisse-du-chauffage-dans-les-piscines-la-ville-de-belfort-annonce-une-serie-de-mesures-2625580.html\">https:\/\/france3-regions.francetvinfo.fr\/bourgogne-franche-comte\/doubs\/crise-energetique-extinction-de-l-eclairage-public-baisse-du-chauffage-dans-les-piscines-la-ville-de-belfort-annonce-une-serie-de-mesures-2625580.html<\/a><\/li>\n\n\n\n<li><strong>Besan\u00e7on: <\/strong><a rel=\"noreferrer noopener\" href=\"https:\/\/www.besancon.fr\/actualite\/plan-de-sobriete-de-la-ville-de-besancon\/\" target=\"_blank\">https:\/\/www.besancon.fr\/actualite\/plan-de-sobriete-de-la-ville-de-besancon\/<\/a><\/li>\n\n\n\n<li><strong>Bordeaux:&nbsp; <\/strong><a href=\"https:\/\/www.sudouest.fr\/gironde\/bordeaux\/bordeaux-57-de-l-eclairage-public-sera-eteint-a-partir-du-2-janvier-13290065.php\">Sud-Ouest<\/a> &amp; <a href=\"https:\/\/www.bordeaux.fr\/p152315\/l-extinction-de-l-eclairage-public-de-1h-a-5h-du-matin\">L&rsquo;extinction de l&rsquo;\u00e9clairage public de 1h \u00e0 5h du matin | Bordeaux<\/a><\/li>\n\n\n\n<li><strong>Brive<\/strong> (47.000 inhab.): <a href=\"https:\/\/france3-regions.francetvinfo.fr\/nouvelle-aquitaine\/correze\/brive\/prix-de-l-energie-brive-va-eteindre-entierement-son-eclairage-public-2625504.html?utm_medium=Social&amp;utm_source=Facebook#Echobox=1664546394\">https:\/\/france3-regions.francetvinfo.fr\/nouvelle-aquitaine\/correze\/brive\/prix-de-l-energie-brive-va-eteindre-entierement-son-eclairage-public-2625504.html?utm_medium=Social&amp;utm_source=Facebook#Echobox=1664546394<\/a><\/li>\n\n\n\n<li><strong>Carcassonne<\/strong>: <a href=\"https:\/\/www.lindependant.fr\/amp\/2022\/09\/28\/carcassonne-la-ville-prevoit-lextinction-de-leclairage-public-la-nuit-pendant-une-periode-de-6-mois-10697506.php\">https:\/\/www.lindependant.fr\/amp\/2022\/09\/28\/carcassonne-la-ville-prevoit-lextinction-de-leclairage-public-la-nuit-pendant-une-periode-de-6-mois-10697506.php<\/a> &amp; <a href=\"https:\/\/france3-regions.francetvinfo.fr\/occitanie\/aude\/carcassonne\/comment-l-extinction-de-l-eclairage-public-a-permis-a-la-ville-de-carcassonne-d-economiser-presque-300-000-euros-2756110.html\" target=\"_blank\" rel=\"noreferrer noopener\">https:\/\/france3-regions.francetvinfo.fr\/occitanie\/aude\/carcassonne\/comment-l-extinction-de-l-eclairage-public-a-permis-a-la-ville-de-carcassonne-d-economiser-presque-300-000-euros-2756110.html<\/a><\/li>\n\n\n\n<li><strong>Ch\u00e2lons-en-Champagne&nbsp;<\/strong>(45.000 inhab.): <a href=\"https:\/\/www.leparisien.fr\/marne-51\/a-chalons-en-champagne-les-lampadaires-seteignent-la-peinture-seclaire-22-11-2022-SQYTIUCGD5ENLESMGX644KVVJU.php\">https:\/\/www.leparisien.fr\/marne-51\/a-chalons-en-champagne-les-lampadaires-seteignent-la-peinture-seclaire-22-11-2022-SQYTIUCGD5ENLESMGX644KVVJU.php<\/a> &amp; <a href=\"https:\/\/www.google.com\/url?sa=i&amp;rct=j&amp;q=&amp;esrc=s&amp;source=web&amp;cd=&amp;cad=rja&amp;uact=8&amp;ved=0CAIQw7AJahcKEwjo1oa_0OH_AhUAAAAAHQAAAAAQAw&amp;url=https%3A%2F%2Fcitoyen.chalons-agglo.fr%2Factualite%2Fpj%2FMTcz&amp;psig=AOvVaw2XvNCY8qJVY-zNJQB-AWXb&amp;ust=1687892645364493&amp;opi=89978449\" target=\"_blank\" rel=\"noreferrer noopener\">Plan de sobri\u00e9t\u00e9 \u00e9nerg\u00e9tique<\/a><\/li>\n\n\n\n<li><strong>Chamb\u00e9ry<\/strong> (60.000 inhab.): <a href=\"https:\/\/www.h2oradio.fr\/article-chamb-ry-crise-energetique-la-ville-va-eteindre-son-eclairage-public-H2O-1641.html\">https:\/\/www.h2oradio.fr\/article-chamb-ry-crise-energetique-la-ville-va-eteindre-son-eclairage-public-H2O-1641.html<\/a> &amp; <a rel=\"noreferrer noopener\" href=\"https:\/\/www.chambery.fr\/actualite\/4930\/140-14-octobre-2022-extinction-de-l-eclairage-public-dans-la-nuit-de-vendredi-a-samedi.htm\" target=\"_blank\">https:\/\/www.chambery.fr\/actualite\/4930\/140-14-octobre-2022-extinction-de-l-eclairage-public-dans-la-nuit-de-vendredi-a-samedi.htm<\/a><\/li>\n\n\n\n<li><strong>Ch\u00e2tellerault <\/strong>(32.000 inhab.): <a href=\"https:\/\/m.lanouvellerepublique.fr\/chatellerault%2Fchatellerault-reduction-de-deux-heures-de-l-eclairage-public-dans-une-partie-de-la-ville\">https:\/\/m.lanouvellerepublique.fr\/chatellerault%2Fchatellerault-reduction-de-deux-heures-de-l-eclairage-public-dans-une-partie-de-la-ville<\/a><\/li>\n\n\n\n<li><strong>Clermont-Ferrand<\/strong>: <a href=\"https:\/\/www.lamontagne.fr\/clermont-ferrand-63000\/actualites\/a-clermont-ferrand-l-eclairage-public-va-etre-eteint-la-nuit-et-le-chauffage-baisse-dans-les-ecoles-et-les-gymnases_14191580\/\">https:\/\/www.lamontagne.fr\/clermont-ferrand-63000\/actualites\/a-clermont-ferrand-l-eclairage-public-va-etre-eteint-la-nuit-et-le-chauffage-baisse-dans-les-ecoles-et-les-gymnases_14191580\/<\/a><\/li>\n\n\n\n<li><strong>Colmar<\/strong>: <a href=\"https:\/\/www.dna.fr\/amp\/environnement\/2022\/10\/04\/bientot-la-nuit-noire-au-centre-ville-de-colmar\">https:\/\/www.dna.fr\/amp\/environnement\/2022\/10\/04\/bientot-la-nuit-noire-au-centre-ville-de-colmar<\/a><\/li>\n\n\n\n<li><strong>Creil <\/strong>(35.000 inhab.): <a href=\"https:\/\/www.courrier-picard.fr\/id347787\/article\/2022-10-03\/la-ville-de-creil-va-couper-son-eclairage-public-au-coeur-de-la-nuit\">https:\/\/www.courrier-picard.fr\/id347787\/article\/2022-10-03\/la-ville-de-creil-va-couper-son-eclairage-public-au-coeur-de-la-nuit<\/a><\/li>\n\n\n\n<li><strong>Evreux<\/strong>:&nbsp; <a href=\"https:\/\/actu.fr\/normandie\/evreux_27229\/evreux-eteint-une-partie-de-son-eclairage-public-la-nuit_55188197.html\">https:\/\/actu.fr\/normandie\/evreux_27229\/evreux-eteint-une-partie-de-son-eclairage-public-la-nuit_55188197.html<\/a><\/li>\n\n\n\n<li><strong>Fontainebleau<\/strong> (16.000 inhab.): <a href=\"https:\/\/actu.fr\/ile-de-france\/fontainebleau_77186\/fontainebleau-eclairage-public-chauffage-quelles-mesures-de-sobriete-energetique_54299104.html\">https:\/\/actu.fr\/ile-de-france\/fontainebleau_77186\/fontainebleau-eclairage-public-chauffage-quelles-mesures-de-sobriete-energetique_54299104.html<\/a><\/li>\n\n\n\n<li><strong>Forcalquier<\/strong>: <a href=\"https:\/\/www.hauteprovenceinfo.com\/article-38750-la-ville-de-forcalquier-eteint-l-eclairage-public.html\">https:\/\/www.hauteprovenceinfo.com\/article-38750-la-ville-de-forcalquier-eteint-l-eclairage-public.html<\/a><\/li>\n\n\n\n<li><strong>H\u00e9rault <\/strong>(d\u00e9partement &#8211; 1.165.000 inhab.<strong>): <\/strong><a href=\"https:\/\/www.herault-energies.fr\/extinction-de-nuit-de-leclairage-public\">https:\/\/www.herault-energies.fr\/extinction-de-nuit-de-leclairage-public<\/a><\/li>\n\n\n\n<li><strong>Limoges<\/strong>: <a href=\"https:\/\/www.limoges.fr\/actualites\/eclairage-public-lextinction-nocturne-est-repoussee-1h-du-matin\">https:\/\/www.limoges.fr\/actualites\/eclairage-public-lextinction-nocturne-est-repoussee-1h-du-matin<\/a><\/li>\n\n\n\n<li><strong>Metz<\/strong>:&nbsp; <a href=\"https:\/\/france3-regions.francetvinfo.fr\/grand-est\/moselle\/metz\/extinction-de-l-eclairage-public-la-nuit-et-baisse-du-chauffage-la-ville-de-metz-annonce-son-plan-d-economie-d-energie-il-va-falloir-mettre-le-turbo-2622744.html\">https:\/\/france3-regions.francetvinfo.fr\/grand-est\/moselle\/metz\/extinction-de-l-eclairage-public-la-nuit-et-baisse-du-chauffage-la-ville-de-metz-annonce-son-plan-d-economie-d-energie-il-va-falloir-mettre-le-turbo-2622744.html<\/a><\/li>\n\n\n\n<li><strong>Nancy<\/strong>: <a rel=\"noreferrer noopener\" href=\"https:\/\/actu.fr\/grand-est\/nancy_54395\/des-ce-jeudi-l-eclairage-public-eteint-la-nuit-dans-tout-un-quartier-de-nancy_57035352.html\" target=\"_blank\">https:\/\/actu.fr\/grand-est\/nancy_54395\/des-ce-jeudi-l-eclairage-public-eteint-la-nuit-dans-tout-un-quartier-de-nancy_57035352.html<\/a><\/li>\n\n\n\n<li><strong>La Rochelle: <\/strong><a href=\"https:\/\/www.aunistv.fr\/la-rochelle-on-va-eteindre-la-lumiere-dans-les-rues-plus-longtemps-des-lundi-31-octobre\/\">https:\/\/www.aunistv.fr\/la-rochelle-on-va-eteindre-la-lumiere-dans-les-rues-plus-longtemps-des-lundi-31-octobre\/<\/a><\/li>\n\n\n\n<li><strong>Meudon<\/strong> (45.000 inhab.): <a href=\"https:\/\/www.meudon.fr\/et-la-lumiere-seteint\/\">https:\/\/www.meudon.fr\/et-la-lumiere-seteint\/<\/a><\/li>\n\n\n\n<li><strong>Mont\u00e9limar<\/strong>: <a href=\"https:\/\/www.francebleu.fr\/amp\/infos\/environnement\/montelimar-coupe-l-eclairage-public-la-nuit-1658498392\">https:\/\/www.francebleu.fr\/amp\/infos\/environnement\/montelimar-coupe-l-eclairage-public-la-nuit-1658498392<\/a><\/li>\n\n\n\n<li><strong>Morlaix <\/strong>(15.000 inhab.): <a href=\"https:\/\/www.letelegramme.fr\/_amp\/066\/13197066.php\">https:\/\/www.letelegramme.fr\/_amp\/066\/13197066.php<\/a><\/li>\n\n\n\n<li><strong>Nantes: <\/strong><a href=\"https:\/\/metropole.nantes.fr\/sobriete-energetique\">https:\/\/metropole.nantes.fr\/sobriete-energetique<\/a><\/li>\n\n\n\n<li><strong>N\u00eemes: <\/strong><a href=\"https:\/\/www.midilibre.fr\/amp\/2022\/11\/28\/nimes-des-vendredi-la-ville-eteint-une-partie-de-leclairage-public-la-nuit-10832698.php\">https:\/\/www.midilibre.fr\/amp\/2022\/11\/28\/nimes-des-vendredi-la-ville-eteint-une-partie-de-leclairage-public-la-nuit-10832698.php<\/a><\/li>\n\n\n\n<li><strong>Orl\u00e9ans: <\/strong><a href=\"https:\/\/www.orleans-metropole.fr\/actualites\/detail\/economies-denergie-le-plan-daction-de-la-ville-dorleans\">Economies d&rsquo;\u00e9nergie : le plan d&rsquo;action de la ville d&rsquo;Orl\u00e9ans | Orl\u00e9ans m\u00e9tropole (orleans-metropole.fr)<\/a><\/li>\n\n\n\n<li><strong>P\u00e9rigueux<\/strong>: <a href=\"https:\/\/www.sudouest.fr\/dordogne\/perigueux\/perigueux-comment-la-ville-met-en-place-l-extinction-de-l-eclairage-public-11801665.php\">https:\/\/www.sudouest.fr\/dordogne\/perigueux\/perigueux-comment-la-ville-met-en-place-l-extinction-de-l-eclairage-public-11801665.php<\/a><\/li>\n\n\n\n<li><strong>Reims<\/strong>: <a href=\"https:\/\/france3-regions.francetvinfo.fr\/grand-est\/marne\/reims\/chauffage-eclairage-public-reims-annonce-son-plan-de-sobriete-pour-faire-face-a-la-crise-energetique-2625496.html\">https:\/\/france3-regions.francetvinfo.fr\/grand-est\/marne\/reims\/chauffage-eclairage-public-reims-annonce-son-plan-de-sobriete-pour-faire-face-a-la-crise-energetique-2625496.html<\/a><\/li>\n\n\n\n<li><strong>Roanne <\/strong>(35.000 inhab.): <a href=\"https:\/\/france3-regions.francetvinfo.fr\/auvergne-rhone-alpes\/loire\/roanne\/sobriete-ce-n-est-pas-rassurant-de-se-retrouver-dans-une-ville-toute-noire-en-hiver-la-mesure-ne-fait-pas-l-unanimite-2624336.html\">https:\/\/france3-regions.francetvinfo.fr\/auvergne-rhone-alpes\/loire\/roanne\/sobriete-ce-n-est-pas-rassurant-de-se-retrouver-dans-une-ville-toute-noire-en-hiver-la-mesure-ne-fait-pas-l-unanimite-2624336.html<\/a><\/li>\n\n\n\n<li><strong>Rodez<\/strong>:<a href=\"https:\/\/www.centrepresseaveyron.fr\/amp\/2022\/09\/27\/rodez-de-1-h-a-5-h-du-matin-leclairage-public-sera-eteint-dans-toute-la-ville-10682136.php\">https:\/\/www.centrepresseaveyron.fr\/amp\/2022\/09\/27\/rodez-de-1-h-a-5-h-du-matin-leclairage-public-sera-eteint-dans-toute-la-ville-10682136.php<\/a><\/li>\n\n\n\n<li><strong>Saint-Brieux<\/strong> (44.000 inhab.): <a href=\"https:\/\/www.letelegramme.fr\/_amp\/691\/13193691.php\">https:\/\/www.letelegramme.fr\/_amp\/691\/13193691.php<\/a><\/li>\n\n\n\n<li><strong>Saint-Di\u00e9<\/strong> (20.000 inhab.): <a href=\"https:\/\/www.francebleu.fr\/infos\/economie-social\/chauffage-eclairage-ce-que-le-plan-de-sobriete-energetique-reserve-aux-habitants-de-saint-die-des-1665126654\">Chauffage, \u00e9clairage&#8230; Ce que le plan de sobri\u00e9t\u00e9 \u00e9nerg\u00e9tique r\u00e9serve aux habitants de Saint-Di\u00e9-des-Vosges (francebleu.fr)<\/a><\/li>\n\n\n\n<li><strong>Saint-Etienne: <\/strong><a href=\"https:\/\/www.leprogres.fr\/amp\/environnement\/2022\/11\/14\/l-eclairage-public-va-s-eteindre-une-partie-de-la-nuit\">https:\/\/www.leprogres.fr\/amp\/environnement\/2022\/11\/14\/l-eclairage-public-va-s-eteindre-une-partie-de-la-nuit<\/a><\/li>\n\n\n\n<li><strong>Saint-L\u00f4 <\/strong>(16.000 inhab.): <a href=\"https:\/\/www.francebleu.fr\/amp\/infos\/environnement\/economies-d-energie-saint-lo-va-eteindre-l-eclairage-public-de-23h-a-6h-dans-les-quartiers-1663272911\">https:\/\/www.francebleu.fr\/amp\/infos\/environnement\/economies-d-energie-saint-lo-va-eteindre-l-eclairage-public-de-23h-a-6h-dans-les-quartiers-1663272911<\/a><\/li>\n\n\n\n<li><strong>Saint-Quentin-en-Yvelines metropole&nbsp;<\/strong>(230.000 inhab.): <a href=\"https:\/\/lagazette-sqy.fr\/2022\/11\/17\/votreville\/saint-quentin-en-yvelines\/sobriete-energetique-les-communes-de-lagglomeration-eteignent-la-lumiere\/\">Saint-Quentin-en-Yvelines &#8211; Sobri\u00e9t\u00e9 \u00e9nerg\u00e9tique&nbsp;: les communes de&nbsp;l\u2019agglom\u00e9ration \u00e9teignent la lumi\u00e8re | La Gazette de Saint-Quentin-en-Yvelines (lagazette-sqy.fr)<\/a><\/li>\n\n\n\n<li><strong>Soissons <\/strong>(28.000 inhab.)<strong>&nbsp;: <\/strong><a href=\"https:\/\/www.lunion.fr\/id419375\/article\/2022-10-20\/soissons-leclairage-public-sera-interrompu-la-nuit#:~:text=Extinction%20de%20l'%C3%A9clairage%20public,d%C3%A9cembre%2C%20en%20fonction%20des%20quartiers.\">\u00c0 Soissons, l\u2019\u00e9clairage public sera interrompu la nuit (lunion.fr)<\/a><\/li>\n\n\n\n<li><strong>Strasbourg: <\/strong><a href=\"https:\/\/www.francebleu.fr\/amp\/infos\/economie-social\/economies-d-energie-strasbourg-eteint-son-eclairage-public-une-partie-de-la-nuit-1665761510\">https:\/\/www.francebleu.fr\/amp\/infos\/economie-social\/economies-d-energie-strasbourg-eteint-son-eclairage-public-une-partie-de-la-nuit-1665761510<\/a><\/li>\n\n\n\n<li><strong>Toulouse: <\/strong><a href=\"https:\/\/actu.fr\/occitanie\/toulouse_31555\/sobriete-energetique-cinq-mesures-entrent-en-vigueur-des-ce-week-end-a-toulouse-voici-lesquelles_54839921.html\">https:\/\/actu.fr\/occitanie\/toulouse_31555\/sobriete-energetique-cinq-mesures-entrent-en-vigueur-des-ce-week-end-a-toulouse-voici-lesquelles_54839921.html<\/a><\/li>\n\n\n\n<li><strong>Tours<\/strong>: <a href=\"https:\/\/actu.fr\/centre-val-de-loire\/tours_37261\/tours-extinction-de-l-eclairage-public-l-experimentation-commence_54943806.html\">Tours. Extinction de l&rsquo;\u00e9clairage public : l&rsquo;exp\u00e9rimentation commence | Actu Tours<\/a><\/li>\n\n\n\n<li><strong>V\u00e9lizy-Villacoublay<\/strong>&nbsp;(21.000 inhab.): <a href=\"https:\/\/actu.fr\/ile-de-france\/velizy-villacoublay_78640\/velizy-villacoublay-le-maire-annonce-l-extinction-de-l-eclairage-public_53983430.html\">https:\/\/actu.fr\/ile-de-france\/velizy-villacoublay_78640\/velizy-villacoublay-le-maire-annonce-l-extinction-de-l-eclairage-public_53983430.html<\/a><\/li>\n\n\n\n<li><strong>Vesoul<\/strong> (28.000 inhab.): <a href=\"https:\/\/www.lapressedevesoul.com\/actualite-62806-la-ville-de-vesoul-va-couper-l-eclairage-public-entre-23-h-et-6-h.html\">https:\/\/www.lapressedevesoul.com\/actualite-62806-la-ville-de-vesoul-va-couper-l-eclairage-public-entre-23-h-et-6-h.html<\/a><\/li>\n\n\n\n<li><strong>Vichy<\/strong> (25.000 inhab.): <a href=\"https:\/\/www.ville-vichy.fr\/espace-presse\/economies-d-energies-orientations-2023\" target=\"_blank\" rel=\"noreferrer noopener\">ECONOMIES D\u2019\u00c9NERGIES Orientations 2023 &#8211; Espace Presse (ville-vichy.fr)<\/a><\/li>\n<\/ul>\n\n\n\n<h4 class=\"wp-block-heading\"><span class=\"ez-toc-section\" id=\"And_also\"><\/span>And also:<span class=\"ez-toc-section-end\"><\/span><\/h4>\n\n\n\n<ul class=\"wp-block-list\">\n<li><strong>Angoul\u00eames<\/strong>: <a href=\"https:\/\/www.angouleme.fr\/wp-content\/uploads\/2023\/05\/Angoule%CC%82me_Mag_1071.pdf\">Angoul\u00eame_Mag_107.indd (angouleme.fr)<\/a><\/li>\n\n\n\n<li><strong><a rel=\"noreferrer noopener\" href=\"https:\/\/www.ouest-france.fr\/pays-de-la-loire\/saumur-49400\/saumur-eclairage-nocturne-la-ville-ne-changera-rien-et-restera-dans-le-noir-a-partir-de-21-heures-3c7904d6-a85f-11ed-aeeb-69381795ad8f\" target=\"_blank\">Saumur<\/a> <\/strong>(30.000 inhab). <a rel=\"noreferrer noopener\" href=\"https:\/\/www.anpcen.fr\/docs\/20130704111517_g0v6ph_doc80.PDF\" target=\"_blank\">Since 2012<\/a>. And spread out between 9 p.m. and 11 p.m. depending on the district starting in <a href=\"https:\/\/www.ouest-france.fr\/pays-de-la-loire\/saumur-49400\/saumur-eclairage-nocturne-la-ville-ne-changera-rien-et-restera-dans-le-noir-a-partir-de-21-heures-3c7904d6-a85f-11ed-aeeb-69381795ad8f\" target=\"_blank\" rel=\"noreferrer noopener\">2023<\/a>.<\/li>\n<\/ul>\n\n\n\n<h4 class=\"wp-block-heading\"><span class=\"ez-toc-section\" id=\"Another_discussion_from_the_Webastro_forum\"><\/span>Another discussion from the Webastro forum:<span class=\"ez-toc-section-end\"><\/span><\/h4>\n\n\n\n<ul><li><p><a href=\"https:\/\/www.webastro.net\/forums\/topic\/198970-grandes-et-moyennes-villes-qui-%C3%A9teignent-la-lumi%C3%A8re\/\" target=\"_blank\" rel=\"noreferrer noopener\">Grandes (et moyennes) v<\/a><a href=\"https:\/\/www.webastro.net\/forums\/topic\/198970-grandes-et-moyennes-villes-qui-%C3%A9teignent-la-lumi%C3%A8re\/\">illes qui \u00e9teignent la lumi\u00e8re &#8211; Lutte anti pollution lumineuse &#8211; Webastro<\/a><\/p>\n<\/li><\/ul>\n\n\n\n<h4 class=\"wp-block-heading\"><span class=\"ez-toc-section\" id=\"And_those_who_ended_the_experiment%E2%80%A6\"><\/span>And those who ended the experiment&#8230;:<span class=\"ez-toc-section-end\"><\/span><\/h4>\n\n\n\n<ul class=\"wp-block-list\">\n<li><strong>Lyon<\/strong>: <a href=\"https:\/\/france3-regions.francetvinfo.fr\/auvergne-rhone-alpes\/rhone\/lyon\/plan-de-sobriete-lyon-plonge-dans-le-noir-la-nuit-la-mesure-forte-des-ecologistes-2633184.html\">https:\/\/france3-regions.francetvinfo.fr\/auvergne-rhone-alpes\/rhone\/lyon\/plan-de-sobriete-lyon-plonge-dans-le-noir-la-nuit-la-mesure-forte-des-ecologistes-2633184.html<\/a> &amp; <a href=\"https:\/\/actu.fr\/auvergne-rhone-alpes\/lyon_69123\/lyon-les-lumieres-des-rues-ne-seront-plus-eteintes-la-nuit-voici-a-partir-de-quand_57106946.html\">https:\/\/actu.fr\/auvergne-rhone-alpes\/lyon_69123\/lyon-les-lumieres-des-rues-ne-seront-plus-eteintes-la-nuit-voici-a-partir-de-quand_57106946.html<\/a><\/li>\n<\/ul>\n","protected":false},"excerpt":{"rendered":"<p>And the most significant lesson will be a lack of evidence of an increase in crimes and offences Wikinight This 2021 message from the ADEME French Agency: Nearly 40% of metropolitan municipalities swith-off their street lighting part of the night and 8% vary the intensity lighting. Small towns are more likely to switch-off completely public &#8230; <a title=\"Informal listing of large and medium-sized French towns applying switch-off of their public lighting\" class=\"read-more\" href=\"https:\/\/wikinight.fr\/index.php\/2023\/08\/04\/informal-compilation-of-large-and-medium-sized-french-towns-applying-switch-off-of-their-public-lighting\/\" aria-label=\"En savoir plus sur Informal listing of large and medium-sized French towns applying switch-off of their public lighting\">Lire la suite<\/a><\/p>\n","protected":false},"author":1,"featured_media":0,"comment_status":"open","ping_status":"open","sticky":true,"template":"","format":"standard","meta":{"footnotes":""},"categories":[1,14,9],"tags":[142,139,37,143,97,31,140,141,35],"class_list":["post-3509","post","type-post","status-publish","format-standard","hentry","category-actualite","category-politiques-declairage","category-securite","tag-crime","tag-eclairage-public","tag-extinction","tag-offenses","tag-public-lighting","tag-securite","tag-statistic","tag-statistique","tag-switch-off"],"_links":{"self":[{"href":"https:\/\/wikinight.fr\/index.php\/wp-json\/wp\/v2\/posts\/3509","targetHints":{"allow":["GET"]}}],"collection":[{"href":"https:\/\/wikinight.fr\/index.php\/wp-json\/wp\/v2\/posts"}],"about":[{"href":"https:\/\/wikinight.fr\/index.php\/wp-json\/wp\/v2\/types\/post"}],"author":[{"embeddable":true,"href":"https:\/\/wikinight.fr\/index.php\/wp-json\/wp\/v2\/users\/1"}],"replies":[{"embeddable":true,"href":"https:\/\/wikinight.fr\/index.php\/wp-json\/wp\/v2\/comments?post=3509"}],"version-history":[{"count":40,"href":"https:\/\/wikinight.fr\/index.php\/wp-json\/wp\/v2\/posts\/3509\/revisions"}],"predecessor-version":[{"id":3803,"href":"https:\/\/wikinight.fr\/index.php\/wp-json\/wp\/v2\/posts\/3509\/revisions\/3803"}],"wp:attachment":[{"href":"https:\/\/wikinight.fr\/index.php\/wp-json\/wp\/v2\/media?parent=3509"}],"wp:term":[{"taxonomy":"category","embeddable":true,"href":"https:\/\/wikinight.fr\/index.php\/wp-json\/wp\/v2\/categories?post=3509"},{"taxonomy":"post_tag","embeddable":true,"href":"https:\/\/wikinight.fr\/index.php\/wp-json\/wp\/v2\/tags?post=3509"}],"curies":[{"name":"wp","href":"https:\/\/api.w.org\/{rel}","templated":true}]}}