{"id":2528,"date":"2019-08-10T15:53:22","date_gmt":"2019-08-10T14:53:22","guid":{"rendered":"http:\/\/wikinight.fr\/?p=2528"},"modified":"2024-03-10T08:52:25","modified_gmt":"2024-03-10T07:52:25","slug":"les-etiquettes-environnementales-de-larrete-du-27-decembre-2018","status":"publish","type":"post","link":"https:\/\/wikinight.fr\/index.php\/2019\/08\/10\/les-etiquettes-environnementales-de-larrete-du-27-decembre-2018\/","title":{"rendered":"Les \u00e9tiquettes environnementales de l&rsquo;arr\u00eat\u00e9 du 27 d\u00e9cembre 2018"},"content":{"rendered":"<div id=\"ez-toc-container\" class=\"ez-toc-v2_0_82_2 counter-hierarchy ez-toc-counter ez-toc-custom ez-toc-container-direction\">\n<div class=\"ez-toc-title-container\">\n<p class=\"ez-toc-title\" style=\"cursor:inherit\">Sommaire<\/p>\n<span class=\"ez-toc-title-toggle\"><a href=\"#\" class=\"ez-toc-pull-right ez-toc-btn ez-toc-btn-xs ez-toc-btn-default ez-toc-toggle\" aria-label=\"Toggle Table of Content\"><span class=\"ez-toc-js-icon-con\"><span class=\"\"><span class=\"eztoc-hide\" style=\"display:none;\">Toggle<\/span><span class=\"ez-toc-icon-toggle-span\"><svg style=\"fill: #212121;color:#212121\" xmlns=\"http:\/\/www.w3.org\/2000\/svg\" class=\"list-377408\" width=\"20px\" height=\"20px\" viewBox=\"0 0 24 24\" fill=\"none\"><path d=\"M6 6H4v2h2V6zm14 0H8v2h12V6zM4 11h2v2H4v-2zm16 0H8v2h12v-2zM4 16h2v2H4v-2zm16 0H8v2h12v-2z\" fill=\"currentColor\"><\/path><\/svg><svg style=\"fill: #212121;color:#212121\" class=\"arrow-unsorted-368013\" xmlns=\"http:\/\/www.w3.org\/2000\/svg\" width=\"10px\" height=\"10px\" viewBox=\"0 0 24 24\" version=\"1.2\" baseProfile=\"tiny\"><path d=\"M18.2 9.3l-6.2-6.3-6.2 6.3c-.2.2-.3.4-.3.7s.1.5.3.7c.2.2.4.3.7.3h11c.3 0 .5-.1.7-.3.2-.2.3-.5.3-.7s-.1-.5-.3-.7zM5.8 14.7l6.2 6.3 6.2-6.3c.2-.2.3-.5.3-.7s-.1-.5-.3-.7c-.2-.2-.4-.3-.7-.3h-11c-.3 0-.5.1-.7.3-.2.2-.3.5-.3.7s.1.5.3.7z\"\/><\/svg><\/span><\/span><\/span><\/a><\/span><\/div>\n<nav><ul class='ez-toc-list ez-toc-list-level-1 ' ><li class='ez-toc-page-1 ez-toc-heading-level-2'><a class=\"ez-toc-link ez-toc-heading-1\" href=\"https:\/\/wikinight.fr\/index.php\/2019\/08\/10\/les-etiquettes-environnementales-de-larrete-du-27-decembre-2018\/#Etiquette_environnementale_sur_la_temperature_de_couleur_des_sources_des_luminaires_%E2%80%93_Art_3II3%C2%B0\" >\u00c9tiquette environnementale sur la temp\u00e9rature de couleur des sources des luminaires &#8211; Art. 3.II.3\u00b0\/<\/a><\/li><li class='ez-toc-page-1 ez-toc-heading-level-2'><a class=\"ez-toc-link ez-toc-heading-2\" href=\"https:\/\/wikinight.fr\/index.php\/2019\/08\/10\/les-etiquettes-environnementales-de-larrete-du-27-decembre-2018\/#Etiquette_environnementale_sur_le_flux_des_sources_des_luminaires_%E2%80%93_Art_3II4%C2%B0\" >\u00c9tiquette environnementale sur le flux des sources des luminaires &#8211; Art. 3.II.4\u00b0\/<\/a><\/li><\/ul><\/nav><\/div>\n\n<p>Les Articles 3.II.3\u00b0\/ et 3.II.4\u00b0\/ de <a rel=\"noreferrer noopener\" href=\"https:\/\/www.legifrance.gouv.fr\/affichTexte.do?cidTexte=LEGITEXT000037998116&amp;dateTexte=20200604\" target=\"_blank\">l&rsquo;arr\u00eat\u00e9 du 27 d\u00e9cembre 2018<\/a> fixent<\/p>\n\n\n\n<ul class=\"wp-block-list\">\n<li>des plafonds de temp\u00e9rature de couleur des sources lumineuses (Correlated Color Temperature &#8211; CCT) : &lt;3000K, &lt;2700K, &lt;2400K. <\/li>\n\n\n\n<li>des plafonds de quantit\u00e9 de lumi\u00e8re amen\u00e9e sur site (<a href=\"https:\/\/wikinight.fr\/index.php\/2019\/07\/06\/densite-surfacique-de-flux-lumineux-installe-arrete-du-27-decembre-2018-relatif-a-la-prevention-a-la-reduction-et-a-la-limitation-des-nuisances-lumineuses\/\">Densit\u00e9 Surfacique de Flux Lumineux Install\u00e9<\/a> &#8211; DSFLI) : &lt;35lm\/m2, &lt;25lm\/m2, &lt;20lm\/m2.<\/li>\n<\/ul>\n\n\n\n<!--more-->\n\n\n\n<p>Ces plafonds couvrent l&rsquo;ensemble des pratiques \u00e0 l&rsquo;\u00e9chelle du territoire national. <strong><mark>Ces plafonds n&rsquo;ont pas vocation \u00e0 \u00eatre approch\u00e9s ou atteints en toutes circonstances<\/mark><\/strong> ; dans chacun des types d&rsquo;installation (voirie publique ou priv\u00e9e, parcs de stationnement,&#8230;) <strong><mark>ils constituent une limite ultime.<\/mark><\/strong><\/p>\n\n\n\n<p>Un r\u00e9f\u00e9rentiel portant sur ces deux quantit\u00e9s, CCT et DSFLI, est pr\u00e9sent\u00e9 sous la forme des \u00e9tiquettes environnementales ci-apr\u00e8s, applicables \u00e0 toutes les installations d&rsquo;\u00e9clairage ext\u00e9rieur, \u00e9clairage public ou priv\u00e9.<\/p>\n\n\n\n<div class=\"wp-block-columns has-2-columns is-layout-flex wp-container-core-columns-is-layout-9d6595d7 wp-block-columns-is-layout-flex\">\n<div class=\"wp-block-column is-layout-flow wp-block-column-is-layout-flow\">\n<h2 class=\"wp-block-heading\"><span class=\"ez-toc-section\" id=\"Etiquette_environnementale_sur_la_temperature_de_couleur_des_sources_des_luminaires_%E2%80%93_Art_3II3%C2%B0\"><\/span>\u00c9tiquette environnementale sur la temp\u00e9rature de couleur des sources des luminaires &#8211; <a href=\"https:\/\/www.legifrance.gouv.fr\/affichTexteArticle.do;jsessionid=3BDB6484EEAF7946F038D80A1383982E.tplgfr31s_1?idArticle=LEGIARTI000037998127&amp;cidTexte=JORFTEXT000037864346&amp;categorieLien=id&amp;dateTexte=\" target=\"_blank\" rel=\"noreferrer noopener\">Art. 3.II.3\u00b0\/<\/a><span class=\"ez-toc-section-end\"><\/span><\/h2>\n<\/div>\n\n\n\n<div class=\"wp-block-column is-layout-flow wp-block-column-is-layout-flow\">\n<figure class=\"wp-block-image is-resized\"><img loading=\"lazy\" decoding=\"async\" width=\"246\" height=\"205\" src=\"https:\/\/wikinight.fr\/wp-content\/uploads\/index.png\" alt=\"\" class=\"wp-image-2515\" style=\"width:112px;height:93px\"\/><\/figure>\n\n\n<div class=\"wp-block-image\">\n<figure class=\"aligncenter\"><img loading=\"lazy\" decoding=\"async\" width=\"634\" height=\"202\" src=\"https:\/\/wikinight.fr\/wp-content\/uploads\/spectra.jpg\" alt=\"\" class=\"wp-image-2549\" srcset=\"https:\/\/wikinight.fr\/wp-content\/uploads\/spectra.jpg 634w, https:\/\/wikinight.fr\/wp-content\/uploads\/spectra-300x96.jpg 300w\" sizes=\"auto, (max-width: 634px) 100vw, 634px\" \/><figcaption class=\"wp-element-caption\">Distribution spectrale des diff\u00e9rentes sources. On note l\u2019important contenu en bleu des sources LED compar\u00e9 aux sources Sodium<\/figcaption><\/figure>\n<\/div><\/div>\n<\/div>\n\n\n\n<div class=\"wp-block-columns has-2-columns is-layout-flex wp-container-core-columns-is-layout-9d6595d7 wp-block-columns-is-layout-flex\">\n<div class=\"wp-block-column is-layout-flow wp-block-column-is-layout-flow\">\n<p>La classe G la plus \u00e9lev\u00e9e d\u00e9coule de la prescription &lt;3000K de l&rsquo;arr\u00eat\u00e9. 3000K est une valeur \u00e9lev\u00e9e qui constitue une d\u00e9gradation tr\u00e8s importante en termes d&rsquo;impact environnemental (<a href=\"https:\/\/physicstoday.scitation.org\/doi\/full\/10.1063\/1.3273014\">intensit\u00e9 des halos<\/a>, <a href=\"https:\/\/www.cdc-biodiversite.fr\/publications\/cahier-6-2015-eclairage-du-21eme-siecle-et-biodiversite\/\">interf\u00e9rence avec le vivant<\/a>, <a href=\"https:\/\/www.anses.fr\/fr\/content\/led-et-lumi%C3%A8re-bleue\">toxicit\u00e9 du bleu<\/a>). En effet, jusqu&rsquo;ici, le parc d&rsquo;\u00e9clairage ext\u00e9rieur \u00e9tait tr\u00e8s majoritairement constitu\u00e9 de sources SHP &lt;2100K.<\/p>\n\n\n\n<p>Les classes interm\u00e9diaires, C \u00e0 F, repr\u00e9sentent l&rsquo;\u00e9tendue de l&rsquo;offre commerciale disponible en termes de module LED (<a href=\"https:\/\/wikinight.fr\/wp-content\/uploads\/Divers\/FT_EVO2.pdf\">exemple de documentation<\/a>) comme de lampes sodium.<\/p>\n\n\n\n<p><strong>Le parc fran\u00e7ais actuel appartient tr\u00e8s majoritairement aux classes B et C, constitu\u00e9 d&rsquo;installations d&rsquo;\u00e9clairages dot\u00e9es de lampes sodium haute pression.<\/strong><\/p>\n\n\n\n<p>Les classes A et B repr\u00e9sentent une <strong>offre historique <\/strong>(sodium basse pression au rendement \u00e9nerg\u00e9tique in-surpass\u00e9, \u00e0 l&rsquo;impact environnemental minimal, encore pr\u00e9sent dans des tunnels \u00e9clair\u00e9s 24h\/24h, ou en Belgique, Irlande, Royaume-Uni et  Pays-Bas), et une <strong>offre \u00e9mergente<\/strong> en termes de LED ambr\u00e9e (<a href=\"https:\/\/www.ignialight.com\/fr\/news\/detail\/id\/24\/nouveau-pont-de-pedret-eclaire-avec-les-led-pc-ambre\" target=\"_blank\" rel=\"noreferrer noopener\" aria-label=\"exemple (s\u2019ouvre dans un nouvel onglet)\">exemple<\/a>). Ces classes ont vocation \u00e0 \u00eatre envisag\u00e9es dans des territoires d&rsquo;int\u00e9r\u00eat environnemental ou d&rsquo;observation astronomique, ou dans les cas d&rsquo;une mauvaise acceptabilit\u00e9 sociale de la lumi\u00e8re blanche.<\/p>\n<\/div>\n\n\n\n<div class=\"wp-block-column is-layout-flow wp-block-column-is-layout-flow\">\n<figure class=\"wp-block-image\"><img loading=\"lazy\" decoding=\"async\" width=\"696\" height=\"792\" src=\"https:\/\/wikinight.fr\/wp-content\/uploads\/Etiquette_CCT-5.png\" alt=\"\" class=\"wp-image-2608\" srcset=\"https:\/\/wikinight.fr\/wp-content\/uploads\/Etiquette_CCT-5.png 696w, https:\/\/wikinight.fr\/wp-content\/uploads\/Etiquette_CCT-5-264x300.png 264w\" sizes=\"auto, (max-width: 696px) 100vw, 696px\" \/><figcaption class=\"wp-element-caption\"> \u00c9tiquette environnementale applicable \u00e0 la prescription de l&rsquo;Art.    3.II.3\u00b0\/ de l&rsquo;arr\u00eat\u00e9 sur la dotation de lumi\u00e8re. La valeur de 3000K  correspond au plafond le plus \u00e9lev\u00e9 de la prescription. <\/figcaption><\/figure>\n\n\n\n<p><\/p>\n<\/div>\n<\/div>\n\n\n\n<div class=\"wp-block-columns has-2-columns is-layout-flex wp-container-core-columns-is-layout-9d6595d7 wp-block-columns-is-layout-flex\">\n<div class=\"wp-block-column is-layout-flow wp-block-column-is-layout-flow\">\n<h2 class=\"wp-block-heading\"><span class=\"ez-toc-section\" id=\"Etiquette_environnementale_sur_le_flux_des_sources_des_luminaires_%E2%80%93_Art_3II4%C2%B0\"><\/span>\u00c9tiquette environnementale sur le flux des sources des luminaires &#8211; <a href=\"https:\/\/www.legifrance.gouv.fr\/affichTexteArticle.do;jsessionid=3BDB6484EEAF7946F038D80A1383982E.tplgfr31s_1?idArticle=LEGIARTI000037998127&amp;cidTexte=JORFTEXT000037864346&amp;categorieLien=id&amp;dateTexte=\" target=\"_blank\" rel=\"noreferrer noopener\">Art. 3.II.4\u00b0\/<\/a><span class=\"ez-toc-section-end\"><\/span><\/h2>\n\n\n\n<p><\/p>\n<\/div>\n\n\n\n<div class=\"wp-block-column is-layout-flow wp-block-column-is-layout-flow\">\n<figure class=\"wp-block-image is-resized\"><img loading=\"lazy\" decoding=\"async\" width=\"246\" height=\"205\" src=\"https:\/\/wikinight.fr\/wp-content\/uploads\/index.png\" alt=\"\" class=\"wp-image-2515\" style=\"width:112px;height:94px\"\/><\/figure>\n<\/div>\n<\/div>\n\n\n\n<div class=\"wp-block-columns has-2-columns is-layout-flex wp-container-core-columns-is-layout-9d6595d7 wp-block-columns-is-layout-flex\">\n<div class=\"wp-block-column is-layout-flow wp-block-column-is-layout-flow\">\n<p>La dotation maximale de 35 lumens\/m2 d\u00e9finie par l&rsquo;arr\u00eat\u00e9 est  extr\u00eamement \u00e9lev\u00e9e, et ne prend pas la mesure des urgences environnementales. Elle est tr\u00e8s au-del\u00e0 de la plupart des pratiques actuelles ;  pour m\u00e9moire, <a rel=\"noreferrer noopener\" aria-label=\"les installations lumineuses r\u00e9centes de la Ville de Paris (s\u2019ouvre dans un nouvel onglet)\" href=\"https:\/\/wikinight.fr\/wp-content\/uploads\/Grenelle\/Arrete271218\/PLM-FNE.pdf\" target=\"_blank\">les installations lumineuses r\u00e9centes de la Ville de Paris<\/a> se situent entre 20 et 30 lumens\/m<sup>2<\/sup> (<a href=\"https:\/\/wikinight.fr\/index.php\/2019\/12\/26\/public-lighting-in-berlin-a-european-capital-with-an-exemplary-moderate-light-pollution-visual-impressions\/#Paris\">impressions visuelles<\/a>). <\/p>\n\n\n\n<p>Cette notion de dotation port\u00e9e par la DSFLI invite \u00e0 lui affecter une \u00e9tiquette environnementale. <\/p>\n\n\n\n<p>En effet, l&rsquo;arr\u00eat\u00e9 au travers de la prescription \u00e0 35 lumens\/m<sup>2<\/sup>, impose  un plafond, qu&rsquo;il n&rsquo;est nullement n\u00e9cessaire d&rsquo;atteindre. Au contraire,  la DSFLI appelle \u00e0 un r\u00e9f\u00e9rentiel en termes de pollution lumineuse.  L&rsquo;\u00e9tiquette environnementale pr\u00e9sent\u00e9e ci-contre, propose ce  r\u00e9f\u00e9rentiel. Les niveaux de l&rsquo;\u00e9tiquette suivent une progression  g\u00e9om\u00e9trique : un facteur constant est appliqu\u00e9 entre chaque classes.<\/p>\n\n\n\n<p>La classe la plus \u00e9lev\u00e9e, &gt;25 lumens\/m<sup>2<\/sup> est issu du plafond de DSFLI pr\u00e9conis\u00e9 par France Nature Environnement lors du <a href=\"https:\/\/wikinight.fr\/index.php\/2018\/10\/24\/la-consultation-publique-sur-le-projet-darrete-nuisances-lumineuses-du-25-10-2018-au-12-11-2018\/\">processus de consultation publique<\/a> pr\u00e9alable \u00e0 la publication de l&rsquo;arr\u00eat\u00e9. <\/p>\n\n\n\n<p><strong>La classe la plus basse est inspir\u00e9e des pratiques observ\u00e9es en <mark>Allemagne<\/mark><\/strong>, o\u00f9 des <a rel=\"noreferrer noopener\" aria-label=\" (s\u2019ouvre dans un nouvel onglet)\" href=\"https:\/\/wikinight.fr\/wp-content\/uploads\/Grenelle\/Arrete271218\/Public_lighting-Berlin_wn.pdf\" target=\"_blank\">rues en centre-ville de Berlin<\/a>, dot\u00e9es d&rsquo;installations LED r\u00e9centes, pr\u00e9sentent une <strong><mark>DSFLI &lt;6 lumens\/m<sup>2<\/sup><\/mark><\/strong> (<a href=\"https:\/\/wikinight.fr\/index.php\/2019\/12\/26\/public-lighting-in-berlin-a-european-capital-with-an-exemplary-moderate-light-pollution-visual-impressions\/#Berlin\">impressions visuelles<\/a>). <\/p>\n<\/div>\n\n\n\n<div class=\"wp-block-column is-layout-flow wp-block-column-is-layout-flow\">\n<figure class=\"wp-block-image\"><img loading=\"lazy\" decoding=\"async\" width=\"678\" height=\"792\" src=\"https:\/\/wikinight.fr\/wp-content\/uploads\/Etiquette_DSFLI-1-3.png\" alt=\"\" class=\"wp-image-2725\" srcset=\"https:\/\/wikinight.fr\/wp-content\/uploads\/Etiquette_DSFLI-1-3.png 678w, https:\/\/wikinight.fr\/wp-content\/uploads\/Etiquette_DSFLI-1-3-257x300.png 257w\" sizes=\"auto, (max-width: 678px) 100vw, 678px\" \/><figcaption class=\"wp-element-caption\"> \u00c9tiquette environnementale applicable \u00e0 la prescription de l&rsquo;Art. 3.II.4\u00b0\/ de l&rsquo;arr\u00eat\u00e9 sur la dotation de lumi\u00e8re. Une valeur de 35 correspond au plafond le plus \u00e9lev\u00e9 de la prescription. <\/figcaption><\/figure>\n<\/div>\n<\/div>\n","protected":false},"excerpt":{"rendered":"<p>Les Articles 3.II.3\u00b0\/ et 3.II.4\u00b0\/ de l&rsquo;arr\u00eat\u00e9 du 27 d\u00e9cembre 2018 fixent<\/p>\n","protected":false},"author":1,"featured_media":0,"comment_status":"open","ping_status":"open","sticky":true,"template":"","format":"standard","meta":{"footnotes":""},"categories":[53],"tags":[],"class_list":["post-2528","post","type-post","status-publish","format-standard","hentry","category-arrete-nuisances-lumineuses-du-27-decembre-2018"],"_links":{"self":[{"href":"https:\/\/wikinight.fr\/index.php\/wp-json\/wp\/v2\/posts\/2528","targetHints":{"allow":["GET"]}}],"collection":[{"href":"https:\/\/wikinight.fr\/index.php\/wp-json\/wp\/v2\/posts"}],"about":[{"href":"https:\/\/wikinight.fr\/index.php\/wp-json\/wp\/v2\/types\/post"}],"author":[{"embeddable":true,"href":"https:\/\/wikinight.fr\/index.php\/wp-json\/wp\/v2\/users\/1"}],"replies":[{"embeddable":true,"href":"https:\/\/wikinight.fr\/index.php\/wp-json\/wp\/v2\/comments?post=2528"}],"version-history":[{"count":52,"href":"https:\/\/wikinight.fr\/index.php\/wp-json\/wp\/v2\/posts\/2528\/revisions"}],"predecessor-version":[{"id":3851,"href":"https:\/\/wikinight.fr\/index.php\/wp-json\/wp\/v2\/posts\/2528\/revisions\/3851"}],"wp:attachment":[{"href":"https:\/\/wikinight.fr\/index.php\/wp-json\/wp\/v2\/media?parent=2528"}],"wp:term":[{"taxonomy":"category","embeddable":true,"href":"https:\/\/wikinight.fr\/index.php\/wp-json\/wp\/v2\/categories?post=2528"},{"taxonomy":"post_tag","embeddable":true,"href":"https:\/\/wikinight.fr\/index.php\/wp-json\/wp\/v2\/tags?post=2528"}],"curies":[{"name":"wp","href":"https:\/\/api.w.org\/{rel}","templated":true}]}}